{"id":1621,"date":"2015-04-27T08:29:08","date_gmt":"2015-04-27T08:29:08","guid":{"rendered":"http:\/\/mariacka-lodz.com.pl\/?p=1621"},"modified":"2015-06-03T10:27:35","modified_gmt":"2015-06-03T10:27:35","slug":"zmarla-mama-ks-tomasza-falaka","status":"publish","type":"post","link":"http:\/\/mariacka-lodz.com.pl\/?p=1621","title":{"rendered":"Zmar\u0142a mama ks. Tomasza Falaka"},"content":{"rendered":"<p style=\"text-align: justify;\">Pogrzeb rozpocznie si\u0119 Msz\u0105 \u015bwi\u0119ta we wtorek 28 kwietnia br. o godzinie 14.00 w kaplicy cmentarnej pod wezwaniem Matki Bo\u017cej Nieustaj\u0105cej Pomocy w \u0141odzi, ul. Szczeci\u0144ska 96\/100.<br \/>\nPo Mszy \u015bw. nast\u0105pi z\u0142o\u017cenie cia\u0142a do grobu na tamtejszym cmentarzu.<br \/>\nMsze \u015bw. w intencji zmar\u0142ej zostan\u0105 odprawione w naszej parafii:<\/p>\n<ul>\n<li>5 czerwca o godz. 8.00<\/li>\n<li>12 czerwca o godz. 17.30<\/li>\n<li>16 czerwca o godz. 8.00<\/li>\n<\/ul>\n<p style=\"text-align: justify;\">\n","protected":false},"excerpt":{"rendered":"<p>Pogrzeb rozpocznie si\u0119 Msz\u0105 \u015bwi\u0119ta we wtorek 28 kwietnia br. o godzinie 14.00 w kaplicy cmentarnej pod wezwaniem Matki Bo\u017cej Nieustaj\u0105cej Pomocy w \u0141odzi, ul. Szczeci\u0144ska 96\/100. Po Mszy \u015bw. nast\u0105pi z\u0142o\u017cenie cia\u0142a do grobu na tamtejszym cmentarzu. Msze \u015bw. &hellip; <a href=\"http:\/\/mariacka-lodz.com.pl\/?p=1621\">Czytaj dalej <span class=\"meta-nav\">&rarr;<\/span><\/a><\/p>\n","protected":false},"author":5,"featured_media":0,"comment_status":"closed","ping_status":"open","sticky":false,"template":"","format":"standard","meta":{"footnotes":""},"categories":[5],"tags":[],"class_list":["post-1621","post","type-post","status-publish","format-standard","hentry","category-aktualnosci"],"_links":{"self":[{"href":"http:\/\/mariacka-lodz.com.pl\/index.php?rest_route=\/wp\/v2\/posts\/1621","targetHints":{"allow":["GET"]}}],"collection":[{"href":"http:\/\/mariacka-lodz.com.pl\/index.php?rest_route=\/wp\/v2\/posts"}],"about":[{"href":"http:\/\/mariacka-lodz.com.pl\/index.php?rest_route=\/wp\/v2\/types\/post"}],"author":[{"embeddable":true,"href":"http:\/\/mariacka-lodz.com.pl\/index.php?rest_route=\/wp\/v2\/users\/5"}],"replies":[{"embeddable":true,"href":"http:\/\/mariacka-lodz.com.pl\/index.php?rest_route=%2Fwp%2Fv2%2Fcomments&post=1621"}],"version-history":[{"count":5,"href":"http:\/\/mariacka-lodz.com.pl\/index.php?rest_route=\/wp\/v2\/posts\/1621\/revisions"}],"predecessor-version":[{"id":1688,"href":"http:\/\/mariacka-lodz.com.pl\/index.php?rest_route=\/wp\/v2\/posts\/1621\/revisions\/1688"}],"wp:attachment":[{"href":"http:\/\/mariacka-lodz.com.pl\/index.php?rest_route=%2Fwp%2Fv2%2Fmedia&parent=1621"}],"wp:term":[{"taxonomy":"category","embeddable":true,"href":"http:\/\/mariacka-lodz.com.pl\/index.php?rest_route=%2Fwp%2Fv2%2Fcategories&post=1621"},{"taxonomy":"post_tag","embeddable":true,"href":"http:\/\/mariacka-lodz.com.pl\/index.php?rest_route=%2Fwp%2Fv2%2Ftags&post=1621"}],"curies":[{"name":"wp","href":"https:\/\/api.w.org\/{rel}","templated":true}]}}